{"id":324,"date":"2014-04-23T05:10:12","date_gmt":"2014-04-23T04:10:12","guid":{"rendered":"https:\/\/www.quintanal.es\/blog\/?p=324"},"modified":"2026-04-23T18:25:44","modified_gmt":"2026-04-23T17:25:44","slug":"elogio-lectura","status":"publish","type":"post","link":"https:\/\/www.quintanal.es\/blog\/2014\/04\/23\/elogio-lectura\/","title":{"rendered":"Elogio de la lectura"},"content":{"rendered":"<p>Parece obligado, en una fecha como esta de hoy, hablar de lectura. Para m\u00ed\u00ad se convierte en una necesidad. Necesito hablar de lectura, como tengo ganas de fiesta. Por eso me invade este ataque de ilusi\u00f3n, que provoca todo mi intelecto y hace que la imaginaci\u00f3n se me dispare: siento unas ganas enormes de abrir las ventanas, con la esperanza de que los libros de la biblioteca salgan todos volando a darse un paseo por las nubes mientras observan el bullicio que hay hoy en mi barrio o si no, la ciudad a vista de p\u00e1jaro. Resultar\u00ed\u00ada, cuanto menos curioso, \u00bfverdad? Con la misma lentitud que cae el confeti en los desfiles o el arroz en las bodas, podr\u00edamos contemplar, en c\u00e1mara lenta, la lluvia de letras que todos ellos iban a provocar, inquietos por la emoci\u00f3n del momento. No me dig\u00e1is que no es una forma curiosa de divertirse. Al fin y al cabo, est\u00e1n de fiesta, &#8230; <a href=\"https:\/\/www.quintanal.es\/web\/TEXTOS-WEB\/Elogio.pdf\" target=\"_blank\" rel=\"noopener\">(Leer m\u00e1s&#8230;)<\/a><\/p>\n<p>&nbsp;<\/p>\n<p style=\"text-align: right;\"><span style=\"color: #333399;\">Santander, 23 de abril de 2014. D\u00ed\u00ada Internacional del Libro (Unesco)<\/span><\/p>\n<h4 style=\"text-align: justify;\"><span style=\"color: #333399;\">_________________________________________________________<br \/>\n<\/span><\/h4>\n<p><a title=\"Elogio de la Lectura (23.04.2014)\" href=\"https:\/\/www.quintanal.es\/documentos\/Elogio_lectura_23-04-2014.pdf\" target=\"_blank\" rel=\"noopener\"><img loading=\"lazy\" decoding=\"async\" class=\"alignleft wp-image-326 \" src=\"https:\/\/www.quintanal.es\/blog\/wp-content\/uploads\/2014\/04\/Captura-de-pantalla-2014-04-23-a-las-06.17.53.png\" alt=\"ElMundo\" width=\"109\" height=\"28\" \/><\/a><a title=\"Elogio de la Lectura (23.04.2014)\" href=\"https:\/\/www.quintanal.es\/documentos\/Elogio_lectura_23-04-2014.pdf\" target=\"_blank\" rel=\"noopener\">Art\u00ed\u00adculo publicado por<strong> EL MUNDO. Edici\u00f3n Cantabria.<\/strong> Tribuna de Cultura (p\u00e1g. 2) el d\u00ed\u00ada 23.04.2014 (descargar en pdf) <\/a><\/p>\n","protected":false},"excerpt":{"rendered":"<p>Parece obligado, en una fecha como esta de hoy, hablar de lectura. Para m\u00ed\u00ad se convierte en una necesidad. Necesito hablar de lectura, como tengo ganas de fiesta. Por eso me invade este ataque de ilusi\u00f3n, que provoca todo mi intelecto y hace que la imaginaci\u00f3n se me dispare: siento unas ganas enormes de abrir [&hellip;]<\/p>\n","protected":false},"author":2,"featured_media":0,"comment_status":"closed","ping_status":"open","sticky":false,"template":"","format":"standard","meta":{"footnotes":""},"categories":[39],"tags":[],"class_list":["post-324","post","type-post","status-publish","format-standard","hentry","category-articulos"],"_links":{"self":[{"href":"https:\/\/www.quintanal.es\/blog\/wp-json\/wp\/v2\/posts\/324","targetHints":{"allow":["GET"]}}],"collection":[{"href":"https:\/\/www.quintanal.es\/blog\/wp-json\/wp\/v2\/posts"}],"about":[{"href":"https:\/\/www.quintanal.es\/blog\/wp-json\/wp\/v2\/types\/post"}],"author":[{"embeddable":true,"href":"https:\/\/www.quintanal.es\/blog\/wp-json\/wp\/v2\/users\/2"}],"replies":[{"embeddable":true,"href":"https:\/\/www.quintanal.es\/blog\/wp-json\/wp\/v2\/comments?post=324"}],"version-history":[{"count":0,"href":"https:\/\/www.quintanal.es\/blog\/wp-json\/wp\/v2\/posts\/324\/revisions"}],"wp:attachment":[{"href":"https:\/\/www.quintanal.es\/blog\/wp-json\/wp\/v2\/media?parent=324"}],"wp:term":[{"taxonomy":"category","embeddable":true,"href":"https:\/\/www.quintanal.es\/blog\/wp-json\/wp\/v2\/categories?post=324"},{"taxonomy":"post_tag","embeddable":true,"href":"https:\/\/www.quintanal.es\/blog\/wp-json\/wp\/v2\/tags?post=324"}],"curies":[{"name":"wp","href":"https:\/\/api.w.org\/{rel}","templated":true}]}}