{"id":373,"date":"2016-04-10T00:00:00","date_gmt":"2016-04-09T23:00:00","guid":{"rendered":"https:\/\/www.quintanal.es\/blog\/?p=373"},"modified":"2026-04-23T18:22:46","modified_gmt":"2026-04-23T17:22:46","slug":"carta-abierta-al-sr-revilla","status":"publish","type":"post","link":"https:\/\/www.quintanal.es\/blog\/2016\/04\/10\/carta-abierta-al-sr-revilla\/","title":{"rendered":"El empleo p\u00fablico pierde el tren del futuro&#8230;"},"content":{"rendered":"<p><strong>Carta abierta a MIGUEL ANGEL REVILLA, <\/strong><\/p>\n<p><strong>Presidente del Gobierno de Cantabria.<\/strong><\/p>\n<p>Con el debido respeto, me permito presentar en esta tribuna, algunas consideraciones que me encantar\u00ed\u00ada debatir personalmente, pero la carencia de un contexto adecuado en nuestra regi\u00f3n me lleva a plante\u00e1rselas en la prensa.<\/p>\n<p>Sr. Presidente, apelo en este momento a la reiterada manifestaci\u00f3n p\u00fablica que usted hace, de tener especial sensibilidad por la problem\u00e1tica social que nos rodea y, en virtud del compromiso que dicha manifestaci\u00f3n supone, me gustar\u00ed\u00ada ofrecer una seria reflexi\u00f3n al respecto.<\/p>\n<p>De acuerdo al conocido&#8230;<a href=\"https:\/\/www.quintanal.es\/web\/TEXTOS-WEB\/Empleo.pdf\" target=\"_blank\" rel=\"noopener\"> (Seguir leyendo&#8230;)<\/a><\/p>\n<p>__________________________________________<\/p>\n<h5><a href=\"https:\/\/www.quintanal.es\/documentos\/DM-11-04-2016.pdf\"><img loading=\"lazy\" decoding=\"async\" class=\"size-full wp-image-378 alignnone\" src=\"https:\/\/www.quintanal.es\/blog\/wp-content\/uploads\/2016\/04\/Captura-de-pantalla-2016-04-13-a-las-9.37.28.png\" alt=\"Captura de pantalla 2016-04-13 a las 9.37.28\" width=\"101\" height=\"30\" \/><\/a>Publicado en EL DIARIO MONTA\u00d1\u00c9S. 11.04.2016 \/Opini\u00f3n, p\u00e1gina 24. (pdf)<\/h5>\n<p style=\"text-align: justify;\">\n","protected":false},"excerpt":{"rendered":"<p>Carta abierta a MIGUEL ANGEL REVILLA, Presidente del Gobierno de Cantabria. Con el debido respeto, me permito presentar en esta tribuna, algunas consideraciones que me encantar\u00ed\u00ada debatir personalmente, pero la carencia de un contexto adecuado en nuestra regi\u00f3n me lleva a plante\u00e1rselas en la prensa. Sr. Presidente, apelo en este momento a la reiterada manifestaci\u00f3n [&hellip;]<\/p>\n","protected":false},"author":2,"featured_media":0,"comment_status":"closed","ping_status":"closed","sticky":false,"template":"","format":"standard","meta":{"footnotes":""},"categories":[39],"tags":[],"class_list":["post-373","post","type-post","status-publish","format-standard","hentry","category-articulos"],"_links":{"self":[{"href":"https:\/\/www.quintanal.es\/blog\/wp-json\/wp\/v2\/posts\/373","targetHints":{"allow":["GET"]}}],"collection":[{"href":"https:\/\/www.quintanal.es\/blog\/wp-json\/wp\/v2\/posts"}],"about":[{"href":"https:\/\/www.quintanal.es\/blog\/wp-json\/wp\/v2\/types\/post"}],"author":[{"embeddable":true,"href":"https:\/\/www.quintanal.es\/blog\/wp-json\/wp\/v2\/users\/2"}],"replies":[{"embeddable":true,"href":"https:\/\/www.quintanal.es\/blog\/wp-json\/wp\/v2\/comments?post=373"}],"version-history":[{"count":0,"href":"https:\/\/www.quintanal.es\/blog\/wp-json\/wp\/v2\/posts\/373\/revisions"}],"wp:attachment":[{"href":"https:\/\/www.quintanal.es\/blog\/wp-json\/wp\/v2\/media?parent=373"}],"wp:term":[{"taxonomy":"category","embeddable":true,"href":"https:\/\/www.quintanal.es\/blog\/wp-json\/wp\/v2\/categories?post=373"},{"taxonomy":"post_tag","embeddable":true,"href":"https:\/\/www.quintanal.es\/blog\/wp-json\/wp\/v2\/tags?post=373"}],"curies":[{"name":"wp","href":"https:\/\/api.w.org\/{rel}","templated":true}]}}