{"id":608,"date":"2026-05-01T11:49:19","date_gmt":"2026-05-01T10:49:19","guid":{"rendered":"https:\/\/www.quintanal.es\/blog\/?p=608"},"modified":"2026-05-01T11:49:19","modified_gmt":"2026-05-01T10:49:19","slug":"sobre-el-aprender-a-leer","status":"publish","type":"post","link":"https:\/\/www.quintanal.es\/blog\/2026\/05\/01\/sobre-el-aprender-a-leer\/","title":{"rendered":"Sobre el aprender a leer&#8230;"},"content":{"rendered":"\n<p><strong>Sobre el Aprender a leer.<\/strong><\/p>\n\n\n<div class=\"wp-block-image\">\n<figure class=\"alignright size-full is-resized\"><a href=\"https:\/\/www.quintanal.es\/blog\/wp-content\/uploads\/2026\/05\/imagen-2.png\"><img loading=\"lazy\" decoding=\"async\" width=\"318\" height=\"450\" src=\"https:\/\/www.quintanal.es\/blog\/wp-content\/uploads\/2026\/05\/imagen-2.png\" alt=\"\" class=\"wp-image-609\" style=\"width:108px;height:auto\" srcset=\"https:\/\/www.quintanal.es\/blog\/wp-content\/uploads\/2026\/05\/imagen-2.png 318w, https:\/\/www.quintanal.es\/blog\/wp-content\/uploads\/2026\/05\/imagen-2-212x300.png 212w\" sizes=\"auto, (max-width: 318px) 100vw, 318px\" \/><\/a><\/figure>\n<\/div>\n\n\n<p><strong><em>Acerca de las inquietudes que suscita la elecci\u00f3n de un m\u00e9todo para ense\u00f1ar a leer <\/em><\/strong><\/p>\n\n\n\n<p>Autores: <a href=\"https:\/\/www.amazon.es\/s\/ref=dp_byline_sr_book_1?ie=UTF8&amp;field-author=Jos%C3%A9+Quintanal+D%C3%ADaz&amp;search-alias=stripbooks\">Jos\u00e9 Quintanal D\u00edaz<\/a> y <a href=\"https:\/\/www.amazon.es\/s\/ref=dp_byline_sr_book_2?ie=UTF8&amp;field-author=Jos%C3%A9+Luis+Garc%C3%ADa+Llamas&amp;search-alias=stripbooks\">Jos\u00e9 Luis Garc\u00eda Llamas<\/a><\/p>\n\n\n\n<p>Madrid : Dykinson, S.L.; 2013<\/p>\n\n\n\n<p>____________________________________________<\/p>\n\n\n\n<p>La obra que tenemos el gusto de presentar aqu\u00ed, con un enfoque te\u00f3rico-pr\u00e1ctico, aborda el tema arduo de la lectura de una forma atractiva, novedosa, did\u00e1ctica, casi novedosa y, al mismo tiempo, provocando m\u00faltiples reflexiones a medida que avanza en los diferentes temas. En la figura de Clara trata de reflejar la actitud docente ante la complejidad del tema y la necesidad de sistematizar el proceso de ense\u00f1anza\/aprendizaje de la lectura. Con el abordaje de este tema se aporta algo m\u00e1s que un \u00abgranito de arena\u00bb en la \u00abnimia decisi\u00f3n de asumir una metodolog\u00eda lectora concreta\u00bb,&#8230; <a href=\"https:\/\/www.quintanal.es\/web\/TEXTOS-WEB\/Sobre-aprender-leer.pdf\" target=\"_blank\" rel=\"noreferrer noopener\">(Seguir leyendo&#8230;)<\/a><\/p>\n","protected":false},"excerpt":{"rendered":"<p>Sobre el Aprender a leer. Acerca de las inquietudes que suscita la elecci\u00f3n de un m\u00e9todo para ense\u00f1ar a leer Autores: Jos\u00e9 Quintanal D\u00edaz y Jos\u00e9 Luis Garc\u00eda Llamas Madrid : Dykinson, S.L.; 2013 ____________________________________________ La obra que tenemos el gusto de presentar aqu\u00ed, con un enfoque te\u00f3rico-pr\u00e1ctico, aborda el tema arduo de la lectura [&hellip;]<\/p>\n","protected":false},"author":2,"featured_media":0,"comment_status":"closed","ping_status":"","sticky":false,"template":"","format":"standard","meta":{"footnotes":""},"categories":[42],"tags":[],"class_list":["post-608","post","type-post","status-publish","format-standard","hentry","category-libros"],"_links":{"self":[{"href":"https:\/\/www.quintanal.es\/blog\/wp-json\/wp\/v2\/posts\/608","targetHints":{"allow":["GET"]}}],"collection":[{"href":"https:\/\/www.quintanal.es\/blog\/wp-json\/wp\/v2\/posts"}],"about":[{"href":"https:\/\/www.quintanal.es\/blog\/wp-json\/wp\/v2\/types\/post"}],"author":[{"embeddable":true,"href":"https:\/\/www.quintanal.es\/blog\/wp-json\/wp\/v2\/users\/2"}],"replies":[{"embeddable":true,"href":"https:\/\/www.quintanal.es\/blog\/wp-json\/wp\/v2\/comments?post=608"}],"version-history":[{"count":0,"href":"https:\/\/www.quintanal.es\/blog\/wp-json\/wp\/v2\/posts\/608\/revisions"}],"wp:attachment":[{"href":"https:\/\/www.quintanal.es\/blog\/wp-json\/wp\/v2\/media?parent=608"}],"wp:term":[{"taxonomy":"category","embeddable":true,"href":"https:\/\/www.quintanal.es\/blog\/wp-json\/wp\/v2\/categories?post=608"},{"taxonomy":"post_tag","embeddable":true,"href":"https:\/\/www.quintanal.es\/blog\/wp-json\/wp\/v2\/tags?post=608"}],"curies":[{"name":"wp","href":"https:\/\/api.w.org\/{rel}","templated":true}]}}