{"id":610,"date":"2026-05-01T12:02:50","date_gmt":"2026-05-01T11:02:50","guid":{"rendered":"https:\/\/www.quintanal.es\/blog\/?p=610"},"modified":"2026-05-01T12:03:13","modified_gmt":"2026-05-01T11:03:13","slug":"el-sindrome-de-down","status":"publish","type":"post","link":"https:\/\/www.quintanal.es\/blog\/2026\/05\/01\/el-sindrome-de-down\/","title":{"rendered":"El S\u00edndrome de Down"},"content":{"rendered":"\n<p><\/p>\n\n\n<div class=\"wp-block-image\">\n<figure class=\"alignleft size-full is-resized\"><a href=\"https:\/\/www.quintanal.es\/blog\/wp-content\/uploads\/2026\/05\/imagen-3.png\"><img loading=\"lazy\" decoding=\"async\" width=\"248\" height=\"346\" src=\"https:\/\/www.quintanal.es\/blog\/wp-content\/uploads\/2026\/05\/imagen-3.png\" alt=\"\" class=\"wp-image-611\" style=\"aspect-ratio:0.7167493827295515;width:74px;height:auto\" srcset=\"https:\/\/www.quintanal.es\/blog\/wp-content\/uploads\/2026\/05\/imagen-3.png 248w, https:\/\/www.quintanal.es\/blog\/wp-content\/uploads\/2026\/05\/imagen-3-215x300.png 215w\" sizes=\"auto, (max-width: 248px) 100vw, 248px\" \/><\/a><\/figure>\n<\/div>\n\n\n<p><strong>El S\u00edndrome de Down<\/strong>, <strong><em>en la Familia y la escuela<\/em><\/strong><\/p>\n\n\n\n<p>Jos\u00e9 Quintanal D\u00edaz (Coord.)<em>Empoderamiento familiar. Intervenci\u00f3n familiar como eje conductor del desarrollo de la persona con s\u00edndro<\/em>me de down.<\/p>\n\n\n\n<p class=\"has-text-align-right\"><a href=\"https:\/\/www.quintanal.es\/web\/TEXTOS-WEB\/Down.pdf\" target=\"_blank\" rel=\"noreferrer noopener\">Ver \u00edndice<\/a><\/p>\n","protected":false},"excerpt":{"rendered":"<p>El S\u00edndrome de Down, en la Familia y la escuela Jos\u00e9 Quintanal D\u00edaz (Coord.)Empoderamiento familiar. Intervenci\u00f3n familiar como eje conductor del desarrollo de la persona con s\u00edndrome de down. Ver \u00edndice<\/p>\n","protected":false},"author":2,"featured_media":0,"comment_status":"closed","ping_status":"","sticky":false,"template":"","format":"standard","meta":{"footnotes":""},"categories":[42],"tags":[],"class_list":["post-610","post","type-post","status-publish","format-standard","hentry","category-libros"],"_links":{"self":[{"href":"https:\/\/www.quintanal.es\/blog\/wp-json\/wp\/v2\/posts\/610","targetHints":{"allow":["GET"]}}],"collection":[{"href":"https:\/\/www.quintanal.es\/blog\/wp-json\/wp\/v2\/posts"}],"about":[{"href":"https:\/\/www.quintanal.es\/blog\/wp-json\/wp\/v2\/types\/post"}],"author":[{"embeddable":true,"href":"https:\/\/www.quintanal.es\/blog\/wp-json\/wp\/v2\/users\/2"}],"replies":[{"embeddable":true,"href":"https:\/\/www.quintanal.es\/blog\/wp-json\/wp\/v2\/comments?post=610"}],"version-history":[{"count":0,"href":"https:\/\/www.quintanal.es\/blog\/wp-json\/wp\/v2\/posts\/610\/revisions"}],"wp:attachment":[{"href":"https:\/\/www.quintanal.es\/blog\/wp-json\/wp\/v2\/media?parent=610"}],"wp:term":[{"taxonomy":"category","embeddable":true,"href":"https:\/\/www.quintanal.es\/blog\/wp-json\/wp\/v2\/categories?post=610"},{"taxonomy":"post_tag","embeddable":true,"href":"https:\/\/www.quintanal.es\/blog\/wp-json\/wp\/v2\/tags?post=610"}],"curies":[{"name":"wp","href":"https:\/\/api.w.org\/{rel}","templated":true}]}}