{"id":615,"date":"2026-05-01T16:46:21","date_gmt":"2026-05-01T15:46:21","guid":{"rendered":"https:\/\/www.quintanal.es\/blog\/?p=615"},"modified":"2026-05-01T16:46:21","modified_gmt":"2026-05-01T15:46:21","slug":"el-bullying-un-tema-educativo-y-social","status":"publish","type":"post","link":"https:\/\/www.quintanal.es\/blog\/2026\/05\/01\/el-bullying-un-tema-educativo-y-social\/","title":{"rendered":"El bullying, un tema educativo y social"},"content":{"rendered":"<div class=\"wp-block-image\">\n<figure class=\"alignleft size-full is-resized\"><a href=\"https:\/\/www.quintanal.es\/blog\/wp-content\/uploads\/2026\/05\/imagen-5.png\"><img loading=\"lazy\" decoding=\"async\" width=\"150\" height=\"48\" src=\"https:\/\/www.quintanal.es\/blog\/wp-content\/uploads\/2026\/05\/imagen-5.png\" alt=\"\" class=\"wp-image-616\" style=\"width:128px;height:auto\"\/><\/a><\/figure>\n<\/div>\n\n\n<p>Art\u00edculo publicado en la p\u00e1gina de Opini\u00f3n, de El Diario Monta\u00f1\u00e9s el d\u00eda 9 de marzo de 2023.<\/p>\n\n\n\n<p class=\"has-text-align-right\"><a href=\"https:\/\/www.quintanal.es\/web\/TEXTOS-WEB\/DM-Bullying.pdf\" target=\"_blank\" rel=\"noreferrer noopener\">Texto completo<\/a><\/p>\n\n\n\n<p><\/p>\n","protected":false},"excerpt":{"rendered":"<p>Art\u00edculo publicado en la p\u00e1gina de Opini\u00f3n, de El Diario Monta\u00f1\u00e9s el d\u00eda 9 de marzo de 2023. Texto completo<\/p>\n","protected":false},"author":2,"featured_media":0,"comment_status":"closed","ping_status":"","sticky":false,"template":"","format":"standard","meta":{"footnotes":""},"categories":[39],"tags":[],"class_list":["post-615","post","type-post","status-publish","format-standard","hentry","category-articulos"],"_links":{"self":[{"href":"https:\/\/www.quintanal.es\/blog\/wp-json\/wp\/v2\/posts\/615","targetHints":{"allow":["GET"]}}],"collection":[{"href":"https:\/\/www.quintanal.es\/blog\/wp-json\/wp\/v2\/posts"}],"about":[{"href":"https:\/\/www.quintanal.es\/blog\/wp-json\/wp\/v2\/types\/post"}],"author":[{"embeddable":true,"href":"https:\/\/www.quintanal.es\/blog\/wp-json\/wp\/v2\/users\/2"}],"replies":[{"embeddable":true,"href":"https:\/\/www.quintanal.es\/blog\/wp-json\/wp\/v2\/comments?post=615"}],"version-history":[{"count":0,"href":"https:\/\/www.quintanal.es\/blog\/wp-json\/wp\/v2\/posts\/615\/revisions"}],"wp:attachment":[{"href":"https:\/\/www.quintanal.es\/blog\/wp-json\/wp\/v2\/media?parent=615"}],"wp:term":[{"taxonomy":"category","embeddable":true,"href":"https:\/\/www.quintanal.es\/blog\/wp-json\/wp\/v2\/categories?post=615"},{"taxonomy":"post_tag","embeddable":true,"href":"https:\/\/www.quintanal.es\/blog\/wp-json\/wp\/v2\/tags?post=615"}],"curies":[{"name":"wp","href":"https:\/\/api.w.org\/{rel}","templated":true}]}}