{"id":619,"date":"2026-05-01T17:01:39","date_gmt":"2026-05-01T16:01:39","guid":{"rendered":"https:\/\/www.quintanal.es\/blog\/?p=619"},"modified":"2026-05-01T17:01:39","modified_gmt":"2026-05-01T16:01:39","slug":"dia-de-las-letras-de-cantabria-2026","status":"publish","type":"post","link":"https:\/\/www.quintanal.es\/blog\/2026\/05\/01\/dia-de-las-letras-de-cantabria-2026\/","title":{"rendered":"D\u00eda de las Letras de Cantabria 2026"},"content":{"rendered":"<div class=\"wp-block-image\">\n<figure class=\"alignleft size-full is-resized\"><a href=\"https:\/\/www.quintanal.es\/blog\/wp-content\/uploads\/2026\/05\/imagen-7.png\"><img loading=\"lazy\" decoding=\"async\" width=\"150\" height=\"48\" src=\"https:\/\/www.quintanal.es\/blog\/wp-content\/uploads\/2026\/05\/imagen-7.png\" alt=\"\" class=\"wp-image-620\" style=\"width:79px;height:auto\"\/><\/a><\/figure>\n<\/div>\n\n\n<p>Art\u00edculo publicado por EL DIARIO MONTA\u00d1\u00c9S con motivo de la conmemoraci\u00f3n del D\u00eda de las Letras de Cantabria 2026<\/p>\n\n\n\n<p class=\"has-text-align-right\"><a href=\"https:\/\/www.quintanal.es\/web\/TEXTOS-WEB\/DM-Letras-Cantabria-2026.pdf\" target=\"_blank\" rel=\"noreferrer noopener\">Texto completo&#8230;<\/a><\/p>\n","protected":false},"excerpt":{"rendered":"<p>Art\u00edculo publicado por EL DIARIO MONTA\u00d1\u00c9S con motivo de la conmemoraci\u00f3n del D\u00eda de las Letras de Cantabria 2026 Texto completo&#8230;<\/p>\n","protected":false},"author":2,"featured_media":0,"comment_status":"closed","ping_status":"","sticky":false,"template":"","format":"standard","meta":{"footnotes":""},"categories":[39],"tags":[],"class_list":["post-619","post","type-post","status-publish","format-standard","hentry","category-articulos"],"_links":{"self":[{"href":"https:\/\/www.quintanal.es\/blog\/wp-json\/wp\/v2\/posts\/619","targetHints":{"allow":["GET"]}}],"collection":[{"href":"https:\/\/www.quintanal.es\/blog\/wp-json\/wp\/v2\/posts"}],"about":[{"href":"https:\/\/www.quintanal.es\/blog\/wp-json\/wp\/v2\/types\/post"}],"author":[{"embeddable":true,"href":"https:\/\/www.quintanal.es\/blog\/wp-json\/wp\/v2\/users\/2"}],"replies":[{"embeddable":true,"href":"https:\/\/www.quintanal.es\/blog\/wp-json\/wp\/v2\/comments?post=619"}],"version-history":[{"count":0,"href":"https:\/\/www.quintanal.es\/blog\/wp-json\/wp\/v2\/posts\/619\/revisions"}],"wp:attachment":[{"href":"https:\/\/www.quintanal.es\/blog\/wp-json\/wp\/v2\/media?parent=619"}],"wp:term":[{"taxonomy":"category","embeddable":true,"href":"https:\/\/www.quintanal.es\/blog\/wp-json\/wp\/v2\/categories?post=619"},{"taxonomy":"post_tag","embeddable":true,"href":"https:\/\/www.quintanal.es\/blog\/wp-json\/wp\/v2\/tags?post=619"}],"curies":[{"name":"wp","href":"https:\/\/api.w.org\/{rel}","templated":true}]}}